{"id":107,"date":"2020-12-14T16:25:12","date_gmt":"2020-12-14T19:25:12","guid":{"rendered":"https:\/\/estudobiblico.org\/ga\/?p=107"},"modified":"2020-12-14T16:25:12","modified_gmt":"2020-12-14T19:25:12","slug":"ta-tu-siorai","status":"publish","type":"post","link":"https:\/\/estudosbiblicos.org\/ga\/2020\/12\/14\/ta-tu-siorai\/","title":{"rendered":"T\u00e1 t\u00fa s\u00edora\u00ed"},"content":{"rendered":"<p>Gu\u00edm ar Dhia go bhf\u00e9adann t\u00fa creidi\u00faint san fh\u00edrinne seo, toisc gur thriail an Dia seo an duine i ngach rud, ach ceada\u00edodh \u00e9 freisin, toisc gur gh\u00e9ill s\u00e9 do Dhia i ngach rud, go dt\u00ed an b\u00e1s, a bhfuair s\u00e9 beatha ar ais d\u00f3: d\u2019\u00e9irigh s\u00e9 \u00f3 mhairbh agus th\u00e1inig s\u00e9 chun sl\u00e1n\u00fa gach duine a chreideann.<\/p>\n<hr \/>\n<h2 style=\"text-align: center\"><span style=\"text-decoration: underline\"><strong>T\u00e1 t\u00fa s\u00edora\u00ed<\/strong><\/span><\/h2>\n<p><strong>C\u00e1 rachaidh t\u00fa chun na s\u00edora\u00edochta?<\/strong><\/p>\n<p>Ceist \u00ed seo nach bhfuil a fhios ag m\u00f3r\u00e1n conas \u00ed a fhreagairt, ach taispe\u00e1nann an B\u00edobla c\u00e1 rachaidh fir nuair a rachaidh siad isteach sa ts\u00edora\u00edocht. M\u00e1 aithn\u00edonn an duine gurb \u00e9 \u00cdosa an t-aon Tiarna agus an Sl\u00e1naitheoir ceannasach at\u00e1 aige, ach m\u00e1 chreideann s\u00e9 gurb \u00e9 \u00cdosa Cr\u00edost Mac an D\u00e9 bheo, \u00f3ir sa ts\u00edora\u00edocht ba \u00e9 Dia \u00e9, \u00e1fach, bhain s\u00e9 a ghl\u00f3ir d\u00f3 f\u00e9in agus rinneadh feoil de (fear) ), faoi r\u00e9ir na paisin ch\u00e9anna le fir, ach n\u00edor pheacaigh s\u00e9 f\u00f3s; a fuair b\u00e1s mar gheall ar bhacainn an idirscartha a bh\u00ed ann idir Dia agus fir (peaca) agus a d\u2019ardaigh an tr\u00ed\u00fa l\u00e1, is cinnte go mbeidh a leith\u00e9id de fhear sa ts\u00edora\u00edocht ann go s\u00edora\u00ed i gcomaoineach ioml\u00e1n le Dia.<\/p>\n<p>Mar sin f\u00e9in, mura gcreideann t\u00fa san fh\u00edrinne at\u00e1 nochtaithe thuas, beidh coimhthi\u00fa s\u00edora\u00ed \u00f3 Dhia.<\/p>\n<p>Chruthaigh Dia an duine le bheith mar chuid de thionscadal a bhunaigh s\u00e9 ann f\u00e9in, agus toisc go bhfuil Dia s\u00edora\u00ed, n\u00ed f\u00e9idir leis an duine a bheith neamhbhuan, is \u00e9 sin, a mh\u00fachadh l\u00e1 \u00e9igin, mar sin, dheonaigh Dia rud \u00e9igin d\u00f3 f\u00e9in (an an\u00e1il). den saol)<\/p>\n<p style=\"padding-left: 40px\">\u00a0<strong>\u201cAgus chruthaigh an Tiarna Dia an duine \u00f3 dheannach na tal\u00fan, agus chuir s\u00e9 an\u00e1il na beatha isteach ina chuisle; agus rinneadh anam beo den duine \u201d(<\/strong>Gen. 2: 7).<\/p>\n<p>Th\u00e1inig an\u00e1il na beatha at\u00e1 ag an duine go d\u00edreach \u00f3 Dhia, N\u00ed fada go m\u00fachfar an S\u00edora\u00ed, agus fanfaidh s\u00e9 go s\u00edora\u00edocht.<\/p>\n<p>Sular chruthaigh s\u00e9 an duine, chruthaigh Dia an talamh agus, tar \u00e9is \u00e9 a chruth\u00fa, tharmlig s\u00e9 a cheannas air:<\/p>\n<p style=\"padding-left: 40px\"><strong>\u201cAgus d\u00fairt Dia, D\u00e9anaimis fear in\u00e1r n-\u00edomh\u00e1, i ndiaidh \u00e1r gcos\u00falachta; agus smacht a fh\u00e1il ar iasc na farraige, agus ar \u00e9in na sp\u00e9ire, agus ar eallach, agus ar fud na tal\u00fan go l\u00e9ir, agus ar gach reipt\u00edl a ghluaiseann ar an talamh \u201d(<\/strong>Gen. 1:26).<\/p>\n<p>Ansin d\u2019ullmhaigh s\u00e9 \u00e1it thaitneamhach don fhear fanacht:<\/p>\n<p style=\"padding-left: 40px\"><strong>\u201cAgus chuir an Tiarna Dia gaird\u00edn in Eden, ar an taobh thoir; agus chuir s\u00e9 ann an fear a bh\u00ed d\u00e9anta aige. Agus rinne an Tiarna Dia ar gach crann f\u00e1s as an talamh, rud a bh\u00ed taitneamhach don ts\u00fail agus maith don bhia; agus crann na beatha i l\u00e1r an ghaird\u00edn, agus crann eolais an mhaith agus an uilc \u201d<\/strong>(Gen. 2: 9).<\/p>\n<p>Bhain fear taitneamh as c\u00faram agus comhaltacht le Dia:<\/p>\n<p style=\"padding-left: 40px\"><strong>\u201cAgus d\u00fairt an Tiarna Dia, N\u00ed maith le fear a bheith ina aonar; D\u00e9anfaidh m\u00e9 c\u00fant\u00f3ir oiri\u00fanach d\u00f3. Mar sin nuair a chruthaigh an Tiarna Dia \u00f3n talamh gach beith\u00edoch sa r\u00e9imse agus gach \u00e9an sa sp\u00e9ir, thug s\u00e9 chuig \u00c1dhamh iad, chun \u00e9 a fheice\u00e1il mar a ghlaodhfadh s\u00e9 orthu; agus cib\u00e9 ainm a thug \u00c1dhamh ar an anam beo ioml\u00e1n, sin an t-ainm a bh\u00ed air \u201d(<\/strong>Gen. 2:18 -19).<\/p>\n<p style=\"padding-left: 40px\"><strong>\u201c\u2026 \u00e1it a bhfuil Spiorad an Tiarna, t\u00e1 saoirse ann\u201d<\/strong> (2Co 3:17), agus mar a bheif\u00ed ag s\u00fail leis, thug Dia saoirse don duine:<\/p>\n<p style=\"padding-left: 40px\"><strong>\u201cAgus d\u2019ordaigh an Tiarna Dia don duine, ag r\u00e1, Ithefaidh t\u00fa go saor \u00f3 chrann ioml\u00e1n an ghaird\u00edn\u2026\u201d<\/strong> (Gen. 2:16).<\/p>\n<p>Agus thaispe\u00e1in s\u00e9 beatha agus b\u00e1s d\u00f3: ba \u00e9 an saol g\u00e9illeadh d\u00f3, is \u00e9 sin, go bhfanfadh an duine aontaithe le Dia, toisc gurb \u00e9 Dia an saol, agus go nd\u00e9anfadh an b\u00e1s neamhshuim d\u00f3, toisc go dtiocfadh scaradh \u00f3 Dhia, is \u00e9 sin, b\u00e1s.<\/p>\n<p style=\"padding-left: 40px\"><strong>\u201cAch n\u00ed \u00edosfaidh t\u00fa de chrann eolais an mhaith agus an uilc; don l\u00e1 a itheann t\u00fa de, is cinnte go bhfaighidh t\u00fa b\u00e1s \u201d(<\/strong>Gen. 2:17).<\/p>\n<p>Aralleadh: Fad is nach n-ithefadh \u00c1dhamh \u00f3 chrann an eolais an mhaith agus an t-olc bheadh \u200b\u200bs\u00e9 aontaithe le Dia (beo), d\u00e1 n-ithefadh s\u00e9, bheadh \u200b\u200bs\u00e9 scartha \u00f3 Dhia (marbh). Bh\u00ed an cinneadh soil\u00e9ir: n\u00e1 hith ionas gur f\u00e9idir leat maireacht\u00e1il!<\/p>\n<p>An bhfeiceann t\u00fa gr\u00e1 agus c\u00faram D\u00e9 don duine sna sleachta b\u00edobalta seo?<\/p>\n<p>N\u00edor thug \u00c1dhamh faoi deara, \u00e1fach, mar nuair a d\u00fairt an nathair: \u2018Cinnte n\u00ed bhfaighidh t\u00fa b\u00e1s\u2019 (Gen. 3: 4), chreid s\u00e9 sa nathair agus d\u2019ith s\u00e9 na tortha\u00ed.<\/p>\n<p>Agus c\u00e9rbh \u00e9 an nathair? Ba aingeal toimhdeach \u00e9 a chaill a phrionsacht go beacht toisc go raibh s\u00e9 ag dr\u00e9im leis an m\u00e9id a mhol Dia ann f\u00e9in agus go mbeadh an fear mar chuid de. F\u00e9ach cad a dhear an t-aingeal seo:<\/p>\n<p style=\"padding-left: 40px\"><strong>\u201cRachaidh m\u00e9 suas ar airde na scamaill, agus beidh m\u00e9 cos\u00fail leis an Ard is Airde\u201d<\/strong> (An bhfuil 14:14).<\/p>\n<p>Ach, f\u00e9ach cad a mhol Dia don duine:<\/p>\n<p style=\"padding-left: 40px\">\u00a0<strong>\u201cAgus d\u00fairt Dia, D\u00e9anaimis fear in\u00e1r n-\u00edomh\u00e1, i ndiaidh \u00e1r gcos\u00falachta\u2026\u201d <\/strong>(Gen. 1:26).<\/p>\n<p>N\u00edor theastaigh \u00f3 Sh\u00e1tan a bheith ina fhear, ach theastaigh uaidh cos\u00falacht D\u00e9, mar gheall go nd\u00e9anfadh an chos\u00falacht air n\u00edos m\u00f3 n\u00e1 na haingil<\/p>\n<p style=\"padding-left: 40px\"><strong>\u201cAgus d\u00fairt t\u00fa i do chro\u00ed istigh, rachaidh m\u00e9 suas chun na bhflaitheas, os cionn r\u00e9alta\u00ed D\u00e9 ard\u00f3idh m\u00e9 mo r\u00edchathaoir, agus ar shliabh an phobail su\u00edfidh m\u00e9 ar thaobhanna an tuaiscirt\u201d<\/strong> (An bhfuil 14:13).<\/p>\n<p>Tagra\u00edonn r\u00e9alta\u00ed D\u00e9 anseo d\u2019aingil.<\/p>\n<p>Nuair a chreid fear an m\u00e9id a d\u00fairt S\u00e1tan agus nuair a thug s\u00e9 neamhaird ar Bhriathar D\u00e9: \u201cgheobhaidh t\u00fa b\u00e1s go cinnte\u201d, rinne s\u00e9 \u201c\u00e9ag\u00f3ir\u201d. Leis an ngn\u00edomh seo dh\u00edol \u00c1dhamh \u00e9 f\u00e9in mar scl\u00e1bha\u00ed don pheaca agus d\u00edoladh gach duine a bh\u00ed le breith freisin, is \u00e9 sin, pheacaigh gach fear mar gheall ar chion \u00c1dhaimh:<\/p>\n<p style=\"padding-left: 40px\">\u00a0<strong>\u201cToisc gur pheacaigh gach duine agus nach dtagann siad le gl\u00f3ir D\u00e9\u201d <\/strong>(R\u00f3mh. 3:23), t\u00e1 siad uile scartha \u00f3 Dhia.<\/p>\n<p>Agus \u00f3n n\u00f3im\u00e9ad sin ar aghaidh, d\u2019\u00e9irigh an fear intuartha, maolaithe, is \u00e9 sin, c\u00e1ineadh, marbh, coimhthithe \u00f3n saol go deo, toisc go bhfuil anam aige a bheidh ann go deo, fi\u00fa tar \u00e9is d\u00f3 filleadh ar an deannach.<\/p>\n<p>Ach n\u00ed f\u00e9idir cusp\u00f3ir D\u00e9 a stopadh, agus thug Dia, ina ghr\u00e1 m\u00f3r d\u00f3 a raibh gr\u00e1 aige d\u2019fhir, sl\u00e1n\u00fa cumhachtach d\u00f3: a Mhac f\u00e9in a rinne a ghl\u00f3ir a scriosadh <strong>\u201cAch d\u2019fholmhaigh s\u00e9 \u00e9 f\u00e9in, i bhfoirm seirbh\u00edseach, ag \u00e9ir\u00ed cos\u00fail le fir\u201d<\/strong> (Phil 2: 7), agus d\u2019\u00e9irigh s\u00e9 cos\u00fail le fir ionas go mbeadh deis ag an bhfear ar\u00eds a bheith cos\u00fail Dia.<\/p>\n<p>Ba gh\u00e1 an ceartas a bhun\u00fa: i dtosach n\u00edor chreid fear a crutha\u00edodh gan pheaca focal D\u00e9, ach in am tr\u00e1tha, bh\u00ed fear eile gan pheaca g\u00e9illeadh do fhocal D\u00e9.<\/p>\n<p style=\"padding-left: 40px\"><strong>\u201cMar a dh\u00e9anfa\u00ed mar gheall ar easumhla\u00edocht aon fhir amh\u00e1in, rinneadh peacaigh de go leor, mar sin de bharr ch\u00e1ch g\u00e9illeadh duine amh\u00e1in d\u00e9anfar go leor d\u00edobh\u201d (Rom. 5:19); <\/strong><\/p>\n<p style=\"padding-left: 40px\"><strong>\u201cMar a th\u00e1inig fear chun b\u00e1is, mar sin th\u00e1inig ais\u00e9ir\u00ed na marbh ag fear\u201d<\/strong> (1Co 15:21).<\/p>\n<p>Ach, conas a tharl\u00f3dh s\u00e9 seo d\u00e1 nd\u00e9anfadh gach duine peaca?<\/p>\n<p>B\u2019\u00e9igean do Dhia a bheith ina fhear agus is \u00e9 sin an f\u00e1th gur rugadh maighdean d\u2019\u00cdosa, le cumhacht D\u00e9.<\/p>\n<p>Gu\u00edm ar Dhia go bhf\u00e9adann t\u00fa creidi\u00faint san fh\u00edrinne seo, toisc gur thriail an Dia seo an duine i ngach rud, ach ceada\u00edodh \u00e9 freisin, toisc gur gh\u00e9ill s\u00e9 do Dhia i ngach rud, go dt\u00ed an b\u00e1s, a bhfuair s\u00e9 beatha ar ais d\u00f3: d\u2019\u00e9irigh s\u00e9 \u00f3 mhairbh agus th\u00e1inig s\u00e9 chun sl\u00e1n\u00fa gach duine a chreideann.<\/p>\n<p>Agus t\u00e1 \u00fadar maith le gach duine a chreideann i gCr\u00edost, toisc go bhfaigheann siad b\u00e1s le Cr\u00edost\u00a0<strong>\u201c\u00d3ir t\u00e1 an duine at\u00e1 marbh inchosanta \u00f3n bpeaca\u201d<\/strong> (Rom. 6: 7), agus ais\u00e9ir\u00edonn s\u00e9 leis. M\u00fachtar an n\u00e1d\u00far peaca agus \u00e9ir\u00edonn an duine marbh don pheaca, ach beo do Dhia\u00a0<strong>\u201cMar sin measann t\u00fa freisin go bhfuil t\u00fa f\u00e9in marbh don pheaca, f\u00f3s beo do Dhia i gCr\u00edost \u00cdosa \u00e1r dTiarna\u201d <\/strong>(Rom. 6:11),<\/p>\n<p>Oir d\u2019\u00e9irigh s\u00e9 lena Mhac \u00cdosa Cr\u00edost <strong>&#8220;ACH, m\u00e1 d&#8217;ardaigh t\u00fa le Cr\u00edost cheana f\u00e9in, d\u00e9an na ruda\u00ed thuas a lorg, it a bhfuil Cr\u00edost ina shu\u00ed ar dheasl\u00e1imh D\u00e9&#8221;<\/strong> (Col 3: 1).<\/p>\n<p>M\u00e1 chreideann t\u00fa an focal seo s\u00e1bh\u00e1lfar t\u00fa \u00f3 dhaoradh s\u00edora\u00ed, is \u00e9 sin, rachaidh t\u00fa isteach sa ts\u00edora\u00edocht i gcomaoineach le Dia. Saol s\u00edora\u00ed!An bhfuil t\u00fa in ann creidi\u00faint in \u00cdosa Cr\u00edost?<\/p>\n<p style=\"padding-left: 40px\"><strong>\u201cGo mbeadh a fhios agat: M\u00e1 admha\u00edonn t\u00fa le do bh\u00e9al leis an Tiarna \u00cdosa, agus m\u00e1 chreideann t\u00fa i do chro\u00ed gur ardaigh Dia \u00e9 \u00f3 na mairbh, s\u00e1bh\u00e1lfar th\u00fa\u201d (Rom 10: 9).\u00a0<\/strong><\/p>\n","protected":false},"excerpt":{"rendered":"<p>Gu\u00edm ar Dhia go bhf\u00e9adann t\u00fa creidi\u00faint san fh\u00edrinne seo, toisc gur thriail an Dia seo an duine i ngach rud, ach ceada\u00edodh \u00e9 freisin, toisc gur gh\u00e9ill s\u00e9 do Dhia i ngach rud, go dt\u00ed an b\u00e1s, a bhfuair s\u00e9 beatha ar ais d\u00f3: d\u2019\u00e9irigh s\u00e9 \u00f3 mhairbh agus th\u00e1inig s\u00e9 chun sl\u00e1n\u00fa gach duine a chreideann.<\/p>\n","protected":false},"author":1,"featured_media":108,"comment_status":"open","ping_status":"open","sticky":false,"template":"","format":"standard","meta":{"footnotes":""},"categories":[1],"tags":[45],"class_list":["post-107","post","type-post","status-publish","format-standard","has-post-thumbnail","hentry","category-sem-categoria","tag-ta-tu-siorai"],"_links":{"self":[{"href":"https:\/\/estudosbiblicos.org\/ga\/wp-json\/wp\/v2\/posts\/107","targetHints":{"allow":["GET"]}}],"collection":[{"href":"https:\/\/estudosbiblicos.org\/ga\/wp-json\/wp\/v2\/posts"}],"about":[{"href":"https:\/\/estudosbiblicos.org\/ga\/wp-json\/wp\/v2\/types\/post"}],"author":[{"embeddable":true,"href":"https:\/\/estudosbiblicos.org\/ga\/wp-json\/wp\/v2\/users\/1"}],"replies":[{"embeddable":true,"href":"https:\/\/estudosbiblicos.org\/ga\/wp-json\/wp\/v2\/comments?post=107"}],"version-history":[{"count":0,"href":"https:\/\/estudosbiblicos.org\/ga\/wp-json\/wp\/v2\/posts\/107\/revisions"}],"wp:featuredmedia":[{"embeddable":true,"href":"https:\/\/estudosbiblicos.org\/ga\/wp-json\/wp\/v2\/media\/108"}],"wp:attachment":[{"href":"https:\/\/estudosbiblicos.org\/ga\/wp-json\/wp\/v2\/media?parent=107"}],"wp:term":[{"taxonomy":"category","embeddable":true,"href":"https:\/\/estudosbiblicos.org\/ga\/wp-json\/wp\/v2\/categories?post=107"},{"taxonomy":"post_tag","embeddable":true,"href":"https:\/\/estudosbiblicos.org\/ga\/wp-json\/wp\/v2\/tags?post=107"}],"curies":[{"name":"wp","href":"https:\/\/api.w.org\/{rel}","templated":true}]}}